{"id":6112,"date":"2026-08-30T06:00:00","date_gmt":"2026-08-30T04:00:00","guid":{"rendered":"https:\/\/parafia-radogoszcz.pl\/?p=6112"},"modified":"2026-08-31T10:11:15","modified_gmt":"2026-08-31T08:11:15","slug":"ogloszenia-duszpasterskie-vii-niedziela-w-okresie-zwyklym-19-02-2023-r-2-2-2-2-2-2-2-2-2-2-2-2-2-2-2-2-2-2-2-2-2-2-4-2-3-2-3-3-2-2-2-2-2-2-2-2-2-2-2-2-2-2-2-2-2-2-2-2-2-2-2-2-2-2-2-2-2-3-2-2-2-2-2-70","status":"publish","type":"post","link":"https:\/\/parafia-radogoszcz.pl\/?p=6112","title":{"rendered":"Og\u0142oszenia duszpasterskie &#8211; XXII Niedziela Okresu Zwyk\u0142ego \u2013 30.08.2026 r."},"content":{"rendered":"\n<ol class=\"wp-block-list\">\n<li>Wczoraj (29 VIII) rozpocz\u0119li pos\u0142ug\u0119 w naszej parafii: ks. Tomasz Grzejdziak \u2013 dotychczasowy wikariusz Parafii MB Nieustaj\u0105cej Pomocy w Andrespolu i diakon Jakub Bakalarz.<\/li>\n\n\n\n<li>Od jutra przechodzimy do zwyk\u0142ego trybu funkcjonowania parafii. Powracaj\u0105 msze \u015bwi\u0119te: w dni powszednie \u2013 o godz. 17.00, w niedziele \u2013 o godz. 13.00 i 18.00. Nie b\u0119dzie ju\u017c eucharystii o godz. 20.00. Jutro rano \u2013 kancelaria nieczynna.\u00a0<\/li>\n\n\n\n<li>W tym tygodniu przypadaj\u0105: I czwartek, I pi\u0105tek i I sobota miesi\u0105ca oraz nabo\u017ce\u0144stwa zwi\u0105zane z tymi dniami. W pi\u0105tek \u2013 spowied\u017a od godz. 6.45, po po\u0142udniu \u2013 od godz. 17.30. Nabo\u017ce\u0144stwo pierwszosobotnie \u2013 o godz. 16.00 w domu parafialnym, poniewa\u017c w ko\u015bciele b\u0119dzie \u015blub. Po nabo\u017ce\u0144stwie \u2013 o godz. 17.00 \u2013 msza wynagradzaj\u0105ca Niepokalanemu Sercu NMP.<\/li>\n\n\n\n<li>W sobot\u0119 (5 IX) o godz. 10.00 w domu parafialnym \u2013 skupienie dla kandydat\u00f3w, kt\u00f3rzy 14 IX przyjm\u0105 sakrament bierzmowania. Prosimy kandydat\u00f3w aby byli przygotowani na to, \u017ce potrwa ono d\u0142u\u017cej ni\u017c zwyk\u0142e spotkanie.<\/li>\n\n\n\n<li>Trwaj\u0105 prace zwi\u0105zane z o\u015bwietleniem ko\u015bcio\u0142a.<\/li>\n\n\n\n<li>Prasa katolicka \u2013 w sklepiku.<\/li>\n<\/ol>\n","protected":false},"excerpt":{"rendered":"","protected":false},"author":1,"featured_media":0,"comment_status":"closed","ping_status":"closed","sticky":false,"template":"","format":"standard","meta":{"_et_pb_use_builder":"","_et_pb_old_content":"","_et_gb_content_width":"","footnotes":""},"categories":[3,4],"tags":[],"class_list":["post-6112","post","type-post","status-publish","format-standard","hentry","category-aktualnosci","category-ogl-dusz"],"_links":{"self":[{"href":"https:\/\/parafia-radogoszcz.pl\/index.php?rest_route=\/wp\/v2\/posts\/6112","targetHints":{"allow":["GET"]}}],"collection":[{"href":"https:\/\/parafia-radogoszcz.pl\/index.php?rest_route=\/wp\/v2\/posts"}],"about":[{"href":"https:\/\/parafia-radogoszcz.pl\/index.php?rest_route=\/wp\/v2\/types\/post"}],"author":[{"embeddable":true,"href":"https:\/\/parafia-radogoszcz.pl\/index.php?rest_route=\/wp\/v2\/users\/1"}],"replies":[{"embeddable":true,"href":"https:\/\/parafia-radogoszcz.pl\/index.php?rest_route=%2Fwp%2Fv2%2Fcomments&post=6112"}],"version-history":[{"count":2,"href":"https:\/\/parafia-radogoszcz.pl\/index.php?rest_route=\/wp\/v2\/posts\/6112\/revisions"}],"predecessor-version":[{"id":6119,"href":"https:\/\/parafia-radogoszcz.pl\/index.php?rest_route=\/wp\/v2\/posts\/6112\/revisions\/6119"}],"wp:attachment":[{"href":"https:\/\/parafia-radogoszcz.pl\/index.php?rest_route=%2Fwp%2Fv2%2Fmedia&parent=6112"}],"wp:term":[{"taxonomy":"category","embeddable":true,"href":"https:\/\/parafia-radogoszcz.pl\/index.php?rest_route=%2Fwp%2Fv2%2Fcategories&post=6112"},{"taxonomy":"post_tag","embeddable":true,"href":"https:\/\/parafia-radogoszcz.pl\/index.php?rest_route=%2Fwp%2Fv2%2Ftags&post=6112"}],"curies":[{"name":"wp","href":"https:\/\/api.w.org\/{rel}","templated":true}]}}